{"id":27022,"date":"2022-12-01T16:05:14","date_gmt":"2022-12-01T16:05:14","guid":{"rendered":"https:\/\/www.soymedicina.com\/libros-de-medicina\/?p=27022"},"modified":"2023-11-04T23:43:14","modified_gmt":"2023-11-04T23:43:14","slug":"compendio-de-atencion-primaria-5-edicion","status":"publish","type":"post","link":"https:\/\/www.soymedicina.com\/libros-de-medicina\/compendio-de-atencion-primaria-5-edicion\/","title":{"rendered":"Compendio de Atenci\u00f3n Primaria &#8211; 5 Edici\u00f3n"},"content":{"rendered":"<p id=\"hl0000008\" class=\"ng-scope\" style=\"text-align: justify;\">La quinta edici\u00f3n del\u00a0<i>Compendio de Atenci\u00f3n Primaria,<\/i>\u00a0como las anteriores, pretende ser un instrumento \u00fatil que ofrece a los profesionales un f\u00e1cil acceso a la informaci\u00f3n esencial contenida en la octava edici\u00f3n de la obra completa del mismo nombre.<\/p>\n<p id=\"hl0000011\" class=\"ng-scope\" style=\"text-align: justify;\">En la octava edici\u00f3n de\u00a0<i>Atenci\u00f3n Primaria<\/i>\u00a0hemos introducido cambios muy relevantes en relaci\u00f3n con las previas m\u00e1s recientes, cambios que son el resultado de un nuevo enfoque de la organizaci\u00f3n general de los contenidos de la obra completa, con reagrupaci\u00f3n de varios de los cap\u00edtulos tanto del primero como del segundo tomo. Tambi\u00e9n se ha modificado significativamente el equipo de autores, con cambios en 21 de los 65 cap\u00edtulos que la integran. Todo ello con el prop\u00f3sito de incrementar el grado de cohesi\u00f3n de los contenidos y su capacidad para proporcionar una respuesta m\u00e1s efectiva a las necesidades formativas y de informaci\u00f3n de los lectores. Todos estos cambios de la obra completa se han trasladado a esta edici\u00f3n del\u00a0<i>Compendio de Atenci\u00f3n Primaria,<\/i>\u00a0junto con la correspondiente revisi\u00f3n y actualizaci\u00f3n de todos los cap\u00edtulos.<\/p>\n<p id=\"hl0000014\" class=\"ng-scope\" style=\"text-align: justify;\">Tal como ya hemos se\u00f1alado en el pr\u00f3logo de ediciones anteriores del\u00a0<i>Compendio de Atenci\u00f3n Primaria,<\/i>\u00a0su elaboraci\u00f3n, coordinada por los editores y los colaboradores editoriales, no se limita a realizar una reducci\u00f3n mec\u00e1nica de los contenidos de la obra completa. Tanto los autores como el equipo editorial enfocamos su dise\u00f1o de cara a potenciar su utilidad como instrumento de consulta r\u00e1pida para los profesionales, tanto en el \u00e1mbito docente y acad\u00e9mico como en el asistencial cotidiano.<\/p>\n<p id=\"hl0000016\" class=\"ng-scope\" style=\"text-align: justify;\">A pesar de las dificultades con las que se encuentra en muchos pa\u00edses el proceso de desarrollo de la Atenci\u00f3n Primaria y la Medicina de Familia, es indudable que ambas se afianzan como instrumentos insustituibles para garantizar la efectividad, la eficiencia y la sostenibilidad de los sistemas sanitarios. A la consecuci\u00f3n de este objetivo colaboran de forma protagonista unos profesionales m\u00e9dicos y de enfermer\u00eda con altos grados de motivaci\u00f3n para el trabajo en este campo y cada vez mejor formados para prestar una asistencia personal y comunitaria con niveles \u00f3ptimos de calidad y seguridad. El enfoque comunitario de la organizaci\u00f3n y las actividades de los servicios y los profesionales contribuye sin duda a dar sentido y diferenciar claramente estos \u00e1mbitos de los restantes de los sistemas sanitarios.<\/p>\n<p id=\"hl0000017\" class=\"ng-scope\" style=\"text-align: justify;\">Como en anteriores ocasiones, finalizamos estas breves l\u00edneas introductorias agradeciendo profundamente el imprescindible trabajo de los colaboradores editoriales y de los autores, as\u00ed como la atenci\u00f3n que viene prestando la editorial Elsevier a las sucesivas ediciones de esta obra.<\/p>\n<div class=\"mks_toggle\">\r\n            <div class=\"mks_toggle_heading\">Tabla de Contenido<i class=\"fa fa-plus\"><\/i><i class=\"fa fa-minus\"><\/i><\/div>\r\n                <div class=\"mks_toggle_content\">\n<p>1. Atenci\u00f3n Primaria y Medicina de Familia: conceptos<br \/>\n2. Atenci\u00f3n Primaria y Medicina de Familia en el mundo<br \/>\n3. Atenci\u00f3n centrada en la persona<br \/>\n4. Entrevista cl\u00ednica<br \/>\n5. Medicina basada en la evidencia: gu\u00edas y protocolos<br \/>\n6. Educaci\u00f3n para la salud<br \/>\n7. Factores de riesgo, promoci\u00f3n y prevenci\u00f3n: bases conceptuales<br \/>\n8. Riesgos del uso de los servicios sanitarios. Prevenci\u00f3n cuaternaria<br \/>\n9. \u00c9tica y Medicina de Familia<br \/>\n10. Dimensi\u00f3n familiar de la atenci\u00f3n<br \/>\n11. Perspectiva comunitaria<br \/>\n12. Participaci\u00f3n e intervenci\u00f3n comunitarias: conceptos y mecanismos<br \/>\n13. Desigualdades sociales en salud<br \/>\n14. Equipo y centro de salud<br \/>\n15. Gesti\u00f3n del centro y la consulta<br \/>\n16. Historia cl\u00ednica, sistemas de informaci\u00f3n y salud en Internet<br \/>\n17. Prescripci\u00f3n de medicamentos en Atenci\u00f3n Primaria: determinantes y estrategias de mejora de la utilizaci\u00f3n<br \/>\n18. Calidad asistencial<br \/>\n19. Docencia en Atenci\u00f3n Primaria y Medicina de Familia<br \/>\n20. Introducci\u00f3n a la investigaci\u00f3n en Atenci\u00f3n Primaria<br \/>\n21. Investigaci\u00f3n cuantitativa: elementos de epidemiolog\u00eda y estad\u00edstica<br \/>\n22. Investigaci\u00f3n cualitativa<br \/>\n23. Promoci\u00f3n y prevenci\u00f3n en la infancia y la adolescencia<br \/>\n24. Promoci\u00f3n y prevenci\u00f3n en el adulto<br \/>\n25. Inmunizaciones<br \/>\n26. Salud reproductiva: planificaci\u00f3n familiar, anticoncepci\u00f3n y esterilidad<br \/>\n27. Embarazo<br \/>\n28. Alimentaci\u00f3n y dietas terap\u00e9uticas<br \/>\n29. Hipertensi\u00f3n arterial<br \/>\n30. Dislipemias<br \/>\n31. Obesidad. S\u00edndrome metab\u00f3lico<br \/>\n32. Diabetes mellitus<br \/>\n33. Tabaquismo<br \/>\n34. Dependencia del alcohol y otras drogodependencias<br \/>\n35. Riesgos laborales<br \/>\n36. Infancia y adolescencia: crecimiento y desarrollo<br \/>\n37. Infancia y adolescencia: principales problemas de salud<br \/>\n38. Salud de la mujer<br \/>\n39. Paciente anciano<br \/>\n40. Paciente cr\u00f3nico en situaci\u00f3n de multimorbilidad y complejidad<br \/>\n41. Paciente en el domicilio<br \/>\n42. Paciente con enfermedad avanzada irreversible<br \/>\n43. Paciente migrante<br \/>\n44. Patolog\u00eda cardiovascular<br \/>\n45. Patolog\u00eda respiratoria<br \/>\n46. Patolog\u00eda digestiva<br \/>\n47. Patolog\u00eda neurol\u00f3gica<br \/>\n48. Patolog\u00eda hematol\u00f3gica<br \/>\n49. Patolog\u00eda tiroidea. Trastornos del metabolismo del calcio y otros minerales<br \/>\n50. Patolog\u00eda nefrourol\u00f3gica<br \/>\n51. Patolog\u00eda osteoarticular<br \/>\n52. Patolog\u00eda infecciosa<br \/>\n53. Infecciones de transmisi\u00f3n sexual e infecci\u00f3n por el virus de la inmunodeficiencia humana<br \/>\n54. C\u00e1ncer<br \/>\n55. Trastornos de salud mental<br \/>\n56. Situaciones de violencia<br \/>\n57. Patolog\u00eda traumatol\u00f3gica<br \/>\n58. Rehabilitaci\u00f3n<br \/>\n59. Patolog\u00eda dermatol\u00f3gica<br \/>\n60. Cirug\u00eda en Atenci\u00f3n Primaria<br \/>\n61. Patolog\u00eda oftalmol\u00f3gica<br \/>\n62. Patolog\u00eda otorrinolaringol\u00f3gica<br \/>\n63. Patolog\u00eda de la cavidad oral<br \/>\n64. Disfunciones sexuales<br \/>\n65. Situaciones cr\u00edticas e intoxicaciones agudas<\/p>\n<\/div>\r\n            <\/div>\n<div class=\"mks_toggle mks_toggle_active\">\r\n            <div class=\"mks_toggle_heading\">Detalles eBook<i class=\"fa fa-plus\"><\/i><i class=\"fa fa-minus\"><\/i><\/div>\r\n                <div class=\"mks_toggle_content\">\n<p>ISBN: 9788491139188<br \/>\nA\u00f1o de publicacion: 2021<br \/>\nAutores: Amando Mart\u00edn Zurro, Juan Francisco Cano P\u00e9rez, Joan Gen\u00e9 Badia<br \/>\nNumero de paginas: 936<br \/>\nIdioma: Espa\u00f1ol<br \/>\nFormato: PDF<\/p>\n<\/div>\r\n            <\/div>\n<div class=\"mks_toggle\">\r\n            <div class=\"mks_toggle_heading\">Links de Descarga<i class=\"fa fa-plus\"><\/i><i class=\"fa fa-minus\"><\/i><\/div>\r\n                <div class=\"mks_toggle_content\">\n<p style=\"text-align: center;\"><a href=\"https:\/\/drive.google.com\/file\/d\/1uzm_A3SdpEeVJa5AM9oWVAP5AvSe3dml\/view?usp=sharing\" target=\"_blank\" rel=\"noopener\">Google Drive<\/a><\/p>\n<\/div>\r\n            <\/div>\n<span class=\"et_bloom_bottom_trigger\"><\/span>","protected":false},"excerpt":{"rendered":"<p>La quinta edici\u00f3n del\u00a0Compendio de Atenci\u00f3n Primaria,\u00a0como las anteriores, pretende ser un instrumento \u00fatil que ofrece a los profesionales un f\u00e1cil acceso a la informaci\u00f3n esencial contenida en la octava edici\u00f3n de la obra completa del mismo nombre. En la octava edici\u00f3n de\u00a0Atenci\u00f3n Primaria\u00a0hemos introducido cambios muy relevantes en relaci\u00f3n con las previas m\u00e1s recientes, cambios que son el resultado<\/p>\n<div class=\"h10\"><\/div>\n<p><a class=\"more-link2 flat\" href=\"https:\/\/www.soymedicina.com\/libros-de-medicina\/compendio-de-atencion-primaria-5-edicion\/\">Leer m\u00e1s<\/a><\/p>\n","protected":false},"author":1,"featured_media":27023,"comment_status":"open","ping_status":"open","sticky":false,"template":"","format":"standard","meta":{"footnotes":""},"categories":[1277],"tags":[1283,1278,1280,1279,1281,1285,1284,1282],"class_list":["post-27022","post","type-post","status-publish","format-standard","has-post-thumbnail","hentry","category-medicina-familiar","tag-compendio-de-atencion-primaria","tag-compendio-de-atencion-primaria-5-edicion","tag-compendio-de-atencion-primaria-5-edicion-descargar-pdf","tag-compendio-de-atencion-primaria-5-edicion-pdf","tag-compendio-de-atencion-primaria-5-pdf","tag-compendio-de-atencion-primaria-descargar-libro","tag-compendio-de-atencion-primaria-pdf","tag-compendio-de-atencion-primaria-zurro-pdf"],"rttpg_featured_image_url":{"full":["https:\/\/soymedicina.b-cdn.net\/libros-de-medicina\/wp-content\/uploads\/Compendio.jpg",229,389,false],"landscape":["https:\/\/soymedicina.b-cdn.net\/libros-de-medicina\/wp-content\/uploads\/Compendio.jpg",229,389,false],"portraits":["https:\/\/soymedicina.b-cdn.net\/libros-de-medicina\/wp-content\/uploads\/Compendio.jpg",229,389,false],"thumbnail":["https:\/\/soymedicina.b-cdn.net\/libros-de-medicina\/wp-content\/uploads\/Compendio.jpg",57,96,false],"medium":["https:\/\/soymedicina.b-cdn.net\/libros-de-medicina\/wp-content\/uploads\/Compendio.jpg",229,389,false],"large":["https:\/\/soymedicina.b-cdn.net\/libros-de-medicina\/wp-content\/uploads\/Compendio.jpg",229,389,false],"RoboGalleryMansoryImagesCenter":["https:\/\/soymedicina.b-cdn.net\/libros-de-medicina\/wp-content\/uploads\/Compendio.jpg",229,389,false],"RoboGalleryPreload":["https:\/\/soymedicina.b-cdn.net\/libros-de-medicina\/wp-content\/uploads\/Compendio.jpg",100,170,false],"1536x1536":["https:\/\/soymedicina.b-cdn.net\/libros-de-medicina\/wp-content\/uploads\/Compendio.jpg",229,389,false],"2048x2048":["https:\/\/soymedicina.b-cdn.net\/libros-de-medicina\/wp-content\/uploads\/Compendio.jpg",229,389,false],"boc_thumb":["https:\/\/soymedicina.b-cdn.net\/libros-de-medicina\/wp-content\/uploads\/Compendio-150x150.jpg",150,150,true],"boc_medium":["https:\/\/soymedicina.b-cdn.net\/libros-de-medicina\/wp-content\/uploads\/Compendio-229x380.jpg",229,380,true],"boc_thin":["https:\/\/soymedicina.b-cdn.net\/libros-de-medicina\/wp-content\/uploads\/Compendio.jpg",229,389,false],"bloom_image":["https:\/\/soymedicina.b-cdn.net\/libros-de-medicina\/wp-content\/uploads\/Compendio.jpg",229,389,false]},"rttpg_author":{"display_name":"Administrador","author_link":"https:\/\/www.soymedicina.com\/libros-de-medicina\/author\/administrador\/"},"rttpg_comment":3,"rttpg_category":"<a href=\"https:\/\/www.soymedicina.com\/libros-de-medicina\/categoria-articulo\/medicina-familiar\/\" rel=\"category tag\">Medicina Familiar<\/a>","rttpg_excerpt":"La quinta edici\u00f3n del\u00a0Compendio de Atenci\u00f3n Primaria,\u00a0como las anteriores, pretende ser un instrumento \u00fatil que ofrece a los profesionales un f\u00e1cil acceso a la informaci\u00f3n esencial contenida en la octava edici\u00f3n de la obra completa del mismo nombre. En la octava edici\u00f3n de\u00a0Atenci\u00f3n Primaria\u00a0hemos introducido cambios muy relevantes en relaci\u00f3n con las previas m\u00e1s recientes,&hellip;","_links":{"self":[{"href":"https:\/\/www.soymedicina.com\/libros-de-medicina\/wp-json\/wp\/v2\/posts\/27022","targetHints":{"allow":["GET"]}}],"collection":[{"href":"https:\/\/www.soymedicina.com\/libros-de-medicina\/wp-json\/wp\/v2\/posts"}],"about":[{"href":"https:\/\/www.soymedicina.com\/libros-de-medicina\/wp-json\/wp\/v2\/types\/post"}],"author":[{"embeddable":true,"href":"https:\/\/www.soymedicina.com\/libros-de-medicina\/wp-json\/wp\/v2\/users\/1"}],"replies":[{"embeddable":true,"href":"https:\/\/www.soymedicina.com\/libros-de-medicina\/wp-json\/wp\/v2\/comments?post=27022"}],"version-history":[{"count":2,"href":"https:\/\/www.soymedicina.com\/libros-de-medicina\/wp-json\/wp\/v2\/posts\/27022\/revisions"}],"predecessor-version":[{"id":27632,"href":"https:\/\/www.soymedicina.com\/libros-de-medicina\/wp-json\/wp\/v2\/posts\/27022\/revisions\/27632"}],"wp:featuredmedia":[{"embeddable":true,"href":"https:\/\/www.soymedicina.com\/libros-de-medicina\/wp-json\/wp\/v2\/media\/27023"}],"wp:attachment":[{"href":"https:\/\/www.soymedicina.com\/libros-de-medicina\/wp-json\/wp\/v2\/media?parent=27022"}],"wp:term":[{"taxonomy":"category","embeddable":true,"href":"https:\/\/www.soymedicina.com\/libros-de-medicina\/wp-json\/wp\/v2\/categories?post=27022"},{"taxonomy":"post_tag","embeddable":true,"href":"https:\/\/www.soymedicina.com\/libros-de-medicina\/wp-json\/wp\/v2\/tags?post=27022"}],"curies":[{"name":"wp","href":"https:\/\/api.w.org\/{rel}","templated":true}]}}